{"id":1354,"date":"2026-02-12T19:30:18","date_gmt":"2026-02-12T19:30:18","guid":{"rendered":"http:\/\/afaescolagravi.com\/?p=1354"},"modified":"2026-02-12T19:40:13","modified_gmt":"2026-02-12T19:40:13","slug":"lafa-es-renova-i-tambe-la-pagina-web","status":"publish","type":"post","link":"https:\/\/afaescolagravi.com\/index.php\/2026\/02\/12\/lafa-es-renova-i-tambe-la-pagina-web\/","title":{"rendered":"L&#8217;Afa es renova i tamb\u00e9 la p\u00e0gina web"},"content":{"rendered":"\n<p style=\"font-style:normal;font-weight:300\">El passat&nbsp;18\/09\/25 es va constituir la nova junta de l\u2019AFA.&nbsp;<\/p>\n\n\n\n<p style=\"font-style:normal;font-weight:300\">En primer lloc, volem agrair a l\u2019antiga Junta l\u2019esfor\u00e7, la dedicaci\u00f3 i la feina feta al llarg dels darrers anys.<\/p>\n\n\n\n<p style=\"font-style:normal;font-weight:300\">Ara, un nou grup hem agafat el relleu i iniciem una nova etapa amb molta il\u00b7lusi\u00f3, comprom\u00eds i ganes de fer comunitat.<\/p>\n\n\n\n<figure class=\"wp-block-image size-large\"><img fetchpriority=\"high\" decoding=\"async\" width=\"935\" height=\"1024\" src=\"http:\/\/afaescolagravi.com\/wp-content\/uploads\/2026\/01\/photo_5857041494651374790_y-935x1024.jpg\" alt=\"\" class=\"wp-image-1309\" srcset=\"https:\/\/afaescolagravi.com\/wp-content\/uploads\/2026\/01\/photo_5857041494651374790_y-935x1024.jpg 935w, https:\/\/afaescolagravi.com\/wp-content\/uploads\/2026\/01\/photo_5857041494651374790_y-274x300.jpg 274w, https:\/\/afaescolagravi.com\/wp-content\/uploads\/2026\/01\/photo_5857041494651374790_y.jpg 1004w\" sizes=\"(max-width: 935px) 100vw, 935px\" \/><\/figure>\n\n\n\n<p><\/p>\n\n\n\n<p><\/p>\n\n\n\n<p><\/p>\n\n\n\n<p>A m\u00e9s, durant aquests mesos hem anat fent canvis a la p\u00e0gina web per a que pogeu trobar tota la informaci\u00f3 necess\u00e0ria. <\/p>\n\n\n\n<p class=\"has-medium-font-size\">Esperem que us agradi!!<\/p>\n\n\n\n<p><\/p>\n","protected":false},"excerpt":{"rendered":"<p>El passat&nbsp;18\/09\/25 es va constituir la nova junta de l\u2019AFA.&nbsp; En primer lloc, volem agrair a l\u2019antiga Junta l\u2019esfor\u00e7, la dedicaci\u00f3 i la feina feta al llarg dels darrers anys. &hellip; <\/p>\n<p class=\"link-more\"><a href=\"https:\/\/afaescolagravi.com\/index.php\/2026\/02\/12\/lafa-es-renova-i-tambe-la-pagina-web\/\" class=\"more-link\">Leer m\u00e1s<span class=\"screen-reader-text\"> \u00abL&#8217;Afa es renova i tamb\u00e9 la p\u00e0gina web\u00bb<\/span><\/a><\/p>\n","protected":false},"author":1,"featured_media":0,"comment_status":"open","ping_status":"open","sticky":false,"template":"","format":"standard","meta":{"footnotes":""},"categories":[5],"tags":[],"class_list":["post-1354","post","type-post","status-publish","format-standard","hentry","category-activitats-curs"],"_links":{"self":[{"href":"https:\/\/afaescolagravi.com\/index.php\/wp-json\/wp\/v2\/posts\/1354","targetHints":{"allow":["GET"]}}],"collection":[{"href":"https:\/\/afaescolagravi.com\/index.php\/wp-json\/wp\/v2\/posts"}],"about":[{"href":"https:\/\/afaescolagravi.com\/index.php\/wp-json\/wp\/v2\/types\/post"}],"author":[{"embeddable":true,"href":"https:\/\/afaescolagravi.com\/index.php\/wp-json\/wp\/v2\/users\/1"}],"replies":[{"embeddable":true,"href":"https:\/\/afaescolagravi.com\/index.php\/wp-json\/wp\/v2\/comments?post=1354"}],"version-history":[{"count":3,"href":"https:\/\/afaescolagravi.com\/index.php\/wp-json\/wp\/v2\/posts\/1354\/revisions"}],"predecessor-version":[{"id":1357,"href":"https:\/\/afaescolagravi.com\/index.php\/wp-json\/wp\/v2\/posts\/1354\/revisions\/1357"}],"wp:attachment":[{"href":"https:\/\/afaescolagravi.com\/index.php\/wp-json\/wp\/v2\/media?parent=1354"}],"wp:term":[{"taxonomy":"category","embeddable":true,"href":"https:\/\/afaescolagravi.com\/index.php\/wp-json\/wp\/v2\/categories?post=1354"},{"taxonomy":"post_tag","embeddable":true,"href":"https:\/\/afaescolagravi.com\/index.php\/wp-json\/wp\/v2\/tags?post=1354"}],"curies":[{"name":"wp","href":"https:\/\/api.w.org\/{rel}","templated":true}]}}