{"id":1442,"date":"2026-03-16T10:07:28","date_gmt":"2026-03-16T10:07:28","guid":{"rendered":"http:\/\/afaescolagravi.com\/?p=1442"},"modified":"2026-03-16T10:07:30","modified_gmt":"2026-03-16T10:07:30","slug":"1442","status":"publish","type":"post","link":"http:\/\/afaescolagravi.com\/index.php\/2026\/03\/16\/1442\/","title":{"rendered":""},"content":{"rendered":"\n<figure class=\"wp-block-image size-large\"><img fetchpriority=\"high\" decoding=\"async\" width=\"732\" height=\"1024\" src=\"http:\/\/afaescolagravi.com\/wp-content\/uploads\/2026\/03\/Cartell-GraviCros-732x1024.jpeg\" alt=\"\" class=\"wp-image-1443\" srcset=\"http:\/\/afaescolagravi.com\/wp-content\/uploads\/2026\/03\/Cartell-GraviCros-732x1024.jpeg 732w, http:\/\/afaescolagravi.com\/wp-content\/uploads\/2026\/03\/Cartell-GraviCros-214x300.jpeg 214w, http:\/\/afaescolagravi.com\/wp-content\/uploads\/2026\/03\/Cartell-GraviCros.jpeg 1463w\" sizes=\"(max-width: 732px) 100vw, 732px\" \/><\/figure>\n\n\n\n<p>El diumenge 19 d\u2019abril ens retrobarem al Parc de la Creueta del Coll per viure un mat\u00ed ple d\u2019energia, esport i comunitat. Una jornada molt especial per compartir amb fam\u00edlies, infants i amics. <\/p>\n\n\n\n<p>\ud83d\udc49 Les inscripcions ja estan obertes (fins el 22 de Mar\u00e7!)<br>Apunteu-vos i veniu a gaudir d\u2019una cursa cooperativa on el m\u00e9s important \u00e9s participar, sumar i passar-ho b\u00e9.<\/p>\n\n\n\n<p>Aquest any la samarreta solid\u00e0ria t\u00e9 encara m\u00e9s sentit:<br>Els beneficis de la seva venda es destinaran al programa COMIK de medicina personalitzada en oncologia pedi\u00e0trica de l\u2019Hospital Vall d\u2019Hebron, que impulsa la recerca i tractaments m\u00e9s precisos per als infants amb c\u00e0ncer.<br>Cada samarreta contribueixen a fer avan\u00e7ar aquesta recerca tan necess\u00e0ria. \ud83d\udcab<\/p>\n\n\n\n<p> A m\u00e9s, durant la jornada hi haur\u00e0 sortejos organitzats per l\u2019AFA, que faran el mat\u00ed encara m\u00e9s especial.<\/p>\n\n\n\n<p>\ud83d\udccd Parc de la Creueta del Coll<br>\ud83d\udcc5 19 d\u2019abril<\/p>\n\n\n\n<p>Animeu-vos a participar i a sumar per una causa que val molt la pena.<br>Ens veiem a la GraviCros!<\/p>\n\n\n\n<figure class=\"wp-block-image size-large\"><img decoding=\"async\" width=\"732\" height=\"1024\" src=\"http:\/\/afaescolagravi.com\/wp-content\/uploads\/2026\/03\/Cartell-GraviCros-samarreta-solidaria-732x1024.jpeg\" alt=\"\" class=\"wp-image-1444\" srcset=\"http:\/\/afaescolagravi.com\/wp-content\/uploads\/2026\/03\/Cartell-GraviCros-samarreta-solidaria-732x1024.jpeg 732w, http:\/\/afaescolagravi.com\/wp-content\/uploads\/2026\/03\/Cartell-GraviCros-samarreta-solidaria-214x300.jpeg 214w, http:\/\/afaescolagravi.com\/wp-content\/uploads\/2026\/03\/Cartell-GraviCros-samarreta-solidaria.jpeg 1463w\" sizes=\"(max-width: 732px) 100vw, 732px\" \/><\/figure>\n\n\n\n<p><\/p>\n","protected":false},"excerpt":{"rendered":"<p>El diumenge 19 d\u2019abril ens retrobarem al Parc de la Creueta del Coll per viure un mat\u00ed ple d\u2019energia, esport i comunitat. Una jornada molt especial per compartir amb fam\u00edlies, &hellip; <\/p>\n<p class=\"link-more\"><a href=\"http:\/\/afaescolagravi.com\/index.php\/2026\/03\/16\/1442\/\" class=\"more-link\">Leer m\u00e1s<span class=\"screen-reader-text\"> \u00ab\u00bb<\/span><\/a><\/p>\n","protected":false},"author":1,"featured_media":0,"comment_status":"open","ping_status":"open","sticky":false,"template":"","format":"standard","meta":{"footnotes":""},"categories":[5],"tags":[],"class_list":["post-1442","post","type-post","status-publish","format-standard","hentry","category-activitats-curs"],"_links":{"self":[{"href":"http:\/\/afaescolagravi.com\/index.php\/wp-json\/wp\/v2\/posts\/1442","targetHints":{"allow":["GET"]}}],"collection":[{"href":"http:\/\/afaescolagravi.com\/index.php\/wp-json\/wp\/v2\/posts"}],"about":[{"href":"http:\/\/afaescolagravi.com\/index.php\/wp-json\/wp\/v2\/types\/post"}],"author":[{"embeddable":true,"href":"http:\/\/afaescolagravi.com\/index.php\/wp-json\/wp\/v2\/users\/1"}],"replies":[{"embeddable":true,"href":"http:\/\/afaescolagravi.com\/index.php\/wp-json\/wp\/v2\/comments?post=1442"}],"version-history":[{"count":1,"href":"http:\/\/afaescolagravi.com\/index.php\/wp-json\/wp\/v2\/posts\/1442\/revisions"}],"predecessor-version":[{"id":1445,"href":"http:\/\/afaescolagravi.com\/index.php\/wp-json\/wp\/v2\/posts\/1442\/revisions\/1445"}],"wp:attachment":[{"href":"http:\/\/afaescolagravi.com\/index.php\/wp-json\/wp\/v2\/media?parent=1442"}],"wp:term":[{"taxonomy":"category","embeddable":true,"href":"http:\/\/afaescolagravi.com\/index.php\/wp-json\/wp\/v2\/categories?post=1442"},{"taxonomy":"post_tag","embeddable":true,"href":"http:\/\/afaescolagravi.com\/index.php\/wp-json\/wp\/v2\/tags?post=1442"}],"curies":[{"name":"wp","href":"https:\/\/api.w.org\/{rel}","templated":true}]}}