{"id":114,"date":"2021-01-29T17:43:00","date_gmt":"2021-01-29T17:43:00","guid":{"rendered":"http:\/\/afaescolagravi.com\/?p=114"},"modified":"2022-11-05T13:02:28","modified_gmt":"2022-11-05T13:02:28","slug":"carnestoltes-afa-graviaatgem","status":"publish","type":"post","link":"http:\/\/afaescolagravi.com\/index.php\/2021\/01\/29\/carnestoltes-afa-graviaatgem\/","title":{"rendered":"Carnestoltes AFA: #GRAVIAatgem"},"content":{"rendered":"\n<p class=\"has-primary-color has-text-color\">Ja \u00e9s hora de comen\u00e7ar a fer les maletes per al nostre gran viatge!<\/p>\n\n\n\n<p class=\"has-text-color\" style=\"color:#fd6041\"><a href=\"https:\/\/www.instagram.com\/explore\/tags\/graviatgem\/\">#GRAVIatgem<\/a><\/p>\n\n\n\n<p>Recorda que a les fotos i v\u00eddeos que hi pujar\u00e0s a les Xarxes Socials o que enviar\u00e0s per email, han de portar una maleta, preferiblement feta a m\u00e1, on hi figuri el lema&nbsp;<a href=\"https:\/\/www.instagram.com\/explore\/tags\/graviatgem\/\">#GRAVIatgem<\/a>.<\/p>\n\n\n\n<figure class=\"wp-block-image size-large is-style-default\"><img fetchpriority=\"high\" decoding=\"async\" width=\"724\" height=\"1024\" src=\"http:\/\/afaescolagravi.com\/wp-content\/uploads\/2021\/05\/carnestoltes-21_page-0001-724x1024.jpg\" alt=\"\" class=\"wp-image-115\" srcset=\"http:\/\/afaescolagravi.com\/wp-content\/uploads\/2021\/05\/carnestoltes-21_page-0001-724x1024.jpg 724w, http:\/\/afaescolagravi.com\/wp-content\/uploads\/2021\/05\/carnestoltes-21_page-0001-212x300.jpg 212w, http:\/\/afaescolagravi.com\/wp-content\/uploads\/2021\/05\/carnestoltes-21_page-0001-768x1086.jpg 768w, http:\/\/afaescolagravi.com\/wp-content\/uploads\/2021\/05\/carnestoltes-21_page-0001-1086x1536.jpg 1086w, http:\/\/afaescolagravi.com\/wp-content\/uploads\/2021\/05\/carnestoltes-21_page-0001-1200x1697.jpg 1200w, http:\/\/afaescolagravi.com\/wp-content\/uploads\/2021\/05\/carnestoltes-21_page-0001.jpg 1240w\" sizes=\"(max-width: 724px) 100vw, 724px\" \/><\/figure>\n","protected":false},"excerpt":{"rendered":"<p>Ja \u00e9s hora de comen\u00e7ar a fer les maletes per al nostre gran viatge! #GRAVIatgem Recorda que a les fotos i v\u00eddeos que hi pujar\u00e0s a les Xarxes Socials o &hellip; <\/p>\n<p class=\"link-more\"><a href=\"http:\/\/afaescolagravi.com\/index.php\/2021\/01\/29\/carnestoltes-afa-graviaatgem\/\" class=\"more-link\">Leer m\u00e1s<span class=\"screen-reader-text\"> \u00abCarnestoltes AFA: #GRAVIAatgem\u00bb<\/span><\/a><\/p>\n","protected":false},"author":1,"featured_media":0,"comment_status":"open","ping_status":"open","sticky":false,"template":"","format":"standard","meta":{"footnotes":""},"categories":[5],"tags":[],"class_list":["post-114","post","type-post","status-publish","format-standard","hentry","category-activitats-curs"],"_links":{"self":[{"href":"http:\/\/afaescolagravi.com\/index.php\/wp-json\/wp\/v2\/posts\/114","targetHints":{"allow":["GET"]}}],"collection":[{"href":"http:\/\/afaescolagravi.com\/index.php\/wp-json\/wp\/v2\/posts"}],"about":[{"href":"http:\/\/afaescolagravi.com\/index.php\/wp-json\/wp\/v2\/types\/post"}],"author":[{"embeddable":true,"href":"http:\/\/afaescolagravi.com\/index.php\/wp-json\/wp\/v2\/users\/1"}],"replies":[{"embeddable":true,"href":"http:\/\/afaescolagravi.com\/index.php\/wp-json\/wp\/v2\/comments?post=114"}],"version-history":[{"count":2,"href":"http:\/\/afaescolagravi.com\/index.php\/wp-json\/wp\/v2\/posts\/114\/revisions"}],"predecessor-version":[{"id":485,"href":"http:\/\/afaescolagravi.com\/index.php\/wp-json\/wp\/v2\/posts\/114\/revisions\/485"}],"wp:attachment":[{"href":"http:\/\/afaescolagravi.com\/index.php\/wp-json\/wp\/v2\/media?parent=114"}],"wp:term":[{"taxonomy":"category","embeddable":true,"href":"http:\/\/afaescolagravi.com\/index.php\/wp-json\/wp\/v2\/categories?post=114"},{"taxonomy":"post_tag","embeddable":true,"href":"http:\/\/afaescolagravi.com\/index.php\/wp-json\/wp\/v2\/tags?post=114"}],"curies":[{"name":"wp","href":"https:\/\/api.w.org\/{rel}","templated":true}]}}